{"id":260,"date":"2013-03-21T10:04:28","date_gmt":"2013-03-21T09:04:28","guid":{"rendered":"http:\/\/www.twofamilyarchives.com\/blog\/2017\/04\/exhibition-kulturzentrum-bei-den-minoriten-graz-2015-copy\/"},"modified":"2017-04-03T10:24:10","modified_gmt":"2017-04-03T09:24:10","slug":"exhibition-kulturzentrum-bei-den-minoriten-graz-2015-copy","status":"publish","type":"post","link":"https:\/\/www.twofamilyarchives.com\/de\/blog\/2013\/03\/exhibition-kulturzentrum-bei-den-minoriten-graz-2015-copy\/","title":{"rendered":"Ausstellung: xHibit Vienna 2013"},"content":{"rendered":"<p><\/p>\n<h1 class=\"akbild_event_details\">Laboratorium \u00d6sterreich<\/h1>\n<div class=\"akbild_event_details\"><\/div>\n<div class=\"akbild_event_details\"><b>Er\u00f6ffnung<\/b> | 21.03.2013, 19.00 h<br \/>\n<b>Ausstellungsdauer<\/b> | 22.03.2013 &#8211; 28.04.2013<\/div>\n<div id=\"akb_body\">\n<div><b>Ort<\/b> | Akademie der bildenden K\u00fcnste Wien, Hauptgeb\u00e4ude, Schillerplatz 3, 1010 Wien, xhibit<\/div>\n<p>\u00d6ffnungszeiten | Di\u2013So, 10.00\u201318.00 h, Eintritt frei<br \/>\nSonder\u00f6ffnungszeiten: ge\u00f6ffnet am 01.04.2013 (Ostermontag, 10.00-18.00 h)<\/p>\n<p>Eine Ausstellung des Forschungsprojektes MEMSCREEN (gef\u00f6rdert vom FWF im Rahmen von PEEK 2010-2012)<\/p>\n<p>Kurator_innen | Tal Adler, <a href=\"https:\/\/www.twofamilyarchives.com\/derschmidt\/\">Friedemann Derschmidt<\/a>, Karin Schneider<br \/>\nTeilnehmer_innen | Tal Adler, Michal Bar-Or, <a href=\"https:\/\/www.twofamilyarchives.com\/derschmidt\/\">Friedemann Derschmidt<\/a>,<br \/>\n<a href=\"https:\/\/www.twofamilyarchives.com\/about-us\/the-artists\/\">Shimon Lev<\/a>, Karin Schneider<\/p>\n<\/div>\n<p><a href=\"https:\/\/www.twofamilyarchives.com\/wp-content\/uploads\/2017\/04\/abw_MemScreen_folder_05_mail-1.jpg\"><img fetchpriority=\"high\" decoding=\"async\" class=\"alignnone wp-image-261 size-large\" src=\"https:\/\/www.twofamilyarchives.com\/wp-content\/uploads\/2017\/04\/abw_MemScreen_folder_05_mail-1-1024x543.jpg\" alt=\"\" width=\"920\" height=\"488\" srcset=\"https:\/\/www.twofamilyarchives.com\/wp-content\/uploads\/2017\/04\/abw_MemScreen_folder_05_mail-1-1024x543.jpg 1024w, https:\/\/www.twofamilyarchives.com\/wp-content\/uploads\/2017\/04\/abw_MemScreen_folder_05_mail-1-300x159.jpg 300w, https:\/\/www.twofamilyarchives.com\/wp-content\/uploads\/2017\/04\/abw_MemScreen_folder_05_mail-1-768x407.jpg 768w, https:\/\/www.twofamilyarchives.com\/wp-content\/uploads\/2017\/04\/abw_MemScreen_folder_05_mail-1-227x120.jpg 227w, https:\/\/www.twofamilyarchives.com\/wp-content\/uploads\/2017\/04\/abw_MemScreen_folder_05_mail-1-150x79.jpg 150w\" sizes=\"(max-width: 920px) 100vw, 920px\" \/><\/a><\/p>\n<p>&nbsp;<\/p>\n<div id=\"akb_body\">\n<p><span class=\"figure_container\"> <span class=\"figure_element\"> <span class=\"figure_image\"> <a href=\"https:\/\/www.akbild.ac.at\/resolveuid\/a7d6a03c04754b9bc6dcb78560aa80c5\/image_view_fullscreen\"> <img decoding=\"async\" src=\"https:\/\/www.akbild.ac.at\/resolveuid\/a7d6a03c04754b9bc6dcb78560aa80c5\/Image_Standard\" \/><\/a><\/span><\/span><\/span><\/p>\n<h6>Foto aus dem privaten Album (1900er- bis 1940er-Jahre) des Rassenhygienikers Dr. Heinrich Reichel, Laborsituation<\/h6>\n<p><span class=\"figure_container\"><span class=\"figure_element\"> <span class=\"figure_spacer\">\u00a0<\/span> <\/span> <\/span><\/p>\n<p><b>Er\u00f6ffnung | <\/b>Donnerstag, 21.03.2013, 19.00 h, xhibit<br \/>\n<b>Begr\u00fc\u00dfung | <\/b>Eva Blimlinger, Rektorin der Akademie der bildenden K\u00fcnste Wien<br \/>\n<b>Er\u00f6ffnung | <\/b>Karlheinz T\u00f6chterle, Bundesminister f\u00fcr Wissenschaft und Forschung<\/p>\n<p>Zwei Geschichtsmythen &#8211; \u00d6sterreich als &#8222;erstes Opfer&#8220; Hitlerdeutschlands und \u00d6sterreicher_innen als Opfer des Krieges &#8211; wurden in der \u00f6sterreichischen Gesellschaft der Nachkriegszeit \u00fcber Familienerz\u00e4hlungen oder popul\u00e4re Bilder &#8211; wie dem brennenden Stephansdom &#8211; kultiviert. Basierend auf dieser spezifischen Darstellung von Geschichte und der Entwicklung von Gegenerz\u00e4hlungen, kann \u00d6sterreich generell als geschichtspolitisches Labor f\u00fcr die Konstruktion und Dekonstruktion von Geschichtsmythen verwendet werden. Die Ausstellung &#8222;Laboratorium \u00d6sterreich&#8220; untersucht an konkreten Beispielen, wie die eigene Familie, Organisationen der Zivilgesellschaft, Museen oder Archive mit ihrer speziellen Erbschaft umgehen und wie Geschichte im \u00f6ffentlichen Raum verhandelt wird. Ein \u00f6ffentlich zug\u00e4ngliches Archiv kontextualisiert die Exponate mit Material aus der Forschung. Das Forschungsteam des &#8222;Laboratorium \u00d6sterreich&#8220; betreut Gruppen, Vereine, Expert_innen und Familienmitglieder, um die Forschung der ausgestellten Projekte zu diskutieren und weiter zu entwickeln.<\/p>\n<h6><span class=\"figure_container\"> <span class=\"figure_element\"> <span class=\"figure_image\"> <a href=\"https:\/\/www.akbild.ac.at\/Portal\/ausstellen\/xhibit\/ausstellungen\/2013\/resolveuid\/d100976d60cd4c24461410b03df2fe67\/image_view_fullscreen\"> <img decoding=\"async\" src=\"https:\/\/www.akbild.ac.at\/Portal\/ausstellen\/xhibit\/ausstellungen\/2013\/resolveuid\/d100976d60cd4c24461410b03df2fe67\/image_Standard\" alt=\"Adler_LL_ViehSee_01-5.jpg\" \/><\/a><\/span><\/span><\/span><\/h6>\n<h6><span class=\"figure_container\"><span class=\"figure_element\"><span class=\"figure_caption\">Tal Adler, aus der Serie &#8222;Leveled Landscapes&#8220;, Viehofner Seen, Viehofen\/St. P\u00f6lten, 2012<\/span> <\/span> <\/span><\/h6>\n<p>&nbsp;<\/p>\n<p><b>Leveled Landscapes,<\/b> eine Fotoserie von Tal Adler, untersucht Landschaften in ganz \u00d6sterreich und fragt dabei, wie wir wahrnehmen und wie wir Landschaft im Kontext der nationalen und lokalen Geschichtsschreibung zeigen wollen. Das Projekt <b>Zersprengte Fragmente<\/b> von Tal Adler und Karin Schneider hinterfragt, wie Museen &#8211; von kleinen lokalen bis zu nationalen Institutionen &#8211; Geschichte pr\u00e4sentieren und lehren.<\/p>\n<h6><span class=\"figure_container\"> <span class=\"figure_element\"> <span class=\"figure_image\"> <a href=\"https:\/\/www.akbild.ac.at\/Portal\/ausstellen\/xhibit\/ausstellungen\/2013\/resolveuid\/7f64071ddc4a3f84c6ed2f6d7df418d1\/image_view_fullscreen\"> <img decoding=\"async\" src=\"https:\/\/www.akbild.ac.at\/Portal\/ausstellen\/xhibit\/ausstellungen\/2013\/resolveuid\/7f64071ddc4a3f84c6ed2f6d7df418d1\/image_Standard\" alt=\"Adler_DF_Penacho_ND80667.jpg\" \/><\/a><\/span><\/span><\/span><\/h6>\n<h6><span class=\"figure_container\"><span class=\"figure_element\"><span class=\"figure_caption\">Tal Adler, aus der Serie &#8222;Zersprengte Fragmente&#8220;<br \/>\nDer Penacho, Museum f\u00fcr V\u00f6lkerkunde, Wien, 2013 <\/span> <\/span> <\/span><\/h6>\n<p>In <b>Vienna &#8211; Fragments of a short visit <\/b>\u00fcbersetzt Michal Bar-Or ihre Faszination f\u00fcr die Zeugnisse des 19. Jahrhunderts in eine Fotoserie \u00fcber Wiener Kulturinstitutionen.<\/p>\n<h6><span class=\"figure_container\"> <span class=\"figure_element\"> <span class=\"figure_image\"> <a href=\"https:\/\/www.akbild.ac.at\/Portal\/ausstellen\/xhibit\/ausstellungen\/2013\/resolveuid\/b873cbc6c5f949f625356b7f5ef199c4\/image_view_fullscreen\"> <img decoding=\"async\" src=\"https:\/\/www.akbild.ac.at\/Portal\/ausstellen\/xhibit\/ausstellungen\/2013\/resolveuid\/b873cbc6c5f949f625356b7f5ef199c4\/image_Standard\" alt=\"Bar-Or_nhm.jpg\" \/><\/a><\/span><\/span><\/span><\/h6>\n<h6><span class=\"figure_container\"><span class=\"figure_element\"><span class=\"figure_caption\">Michal Bar-Or, Naturhistorisches Museum Wien, 2012<\/span> <\/span> <\/span><\/h6>\n<p>Tal Adler und Karin Schneider laden im Rahmen von <b>Freiwillige Teilnahme<\/b> \u00f6sterreichische Vereine, die zumindest seit 1938 existieren, zu einem Gruppenfoto ein. Die freiwillige Teilnahme an diesem Prozess fordert die Auseinandersetzung mit Konzepten von Erbschaft, Komplizenschaft, Verantwortung, Schuld, Eingedenken und Gruppenpolitik. Von dieser Panoramaperspektive taucht das &#8222;Laboratorium \u00d6sterreich&#8220; in das Universum einer Familie und deren Verbindungen mit der \u00f6sterreichischen Geschichte: <b>Reichel komplex<\/b> von <a href=\"https:\/\/www.twofamilyarchives.com\/derschmidt\/\">Friedemann Derschmidt<\/a> ist ein geschlossener Weblog f\u00fcr Mitglieder der eigenen Gro\u00dffamilie. Sein partizipatorischer Prozess verfolgt das Ziel, Familienmythen und -erz\u00e4hlungen zu sammeln sowie Familienmitglieder darin zu unterst\u00fctzen, sich den heiklen Fragen der Schuld und der Involvierung ihrer Vorfahren in die nationalsozialistische Bewegung zu stellen. <a href=\"https:\/\/www.twofamilyarchives.com\/about-us\/the-artists\/\">Shimon Lev<\/a> begann in den 1990er Jahren mit seinem <b>Family Photo Diary<\/b>, einer Sammlung von tausenden Fotografien, die unterschiedliche Aspekte seines Familienlebens portr\u00e4tieren. Sein Vater, Professor der Physik Wiliam L\u00f6w, 1921 in Wien geboren, war der einzige Holocaust\u00fcberlebende seiner Familie. 2012 begab sich <a href=\"https:\/\/www.twofamilyarchives.com\/about-us\/the-artists\/\">Shimon Lev<\/a> mit seiner fotografischen Forschung auf der Suche von Spuren seiner v\u00e4terlichen Familie nach Wien.<\/p>\n<h6><span class=\"figure_container\"> <span class=\"figure_element\"> <span class=\"figure_image\"> <a href=\"https:\/\/www.akbild.ac.at\/Portal\/ausstellen\/xhibit\/ausstellungen\/2013\/resolveuid\/ed4a5ce28d65d27c2ec83f0ec473db30\/image_view_fullscreen\"> <img decoding=\"async\" src=\"https:\/\/www.akbild.ac.at\/Portal\/ausstellen\/xhibit\/ausstellungen\/2013\/resolveuid\/ed4a5ce28d65d27c2ec83f0ec473db30\/image_Standard\" alt=\"Lev_MemFather_8481.jpg\" \/><\/a><\/span><\/span><\/span><\/h6>\n<h6><span class=\"figure_container\"><span class=\"figure_element\"><span class=\"figure_caption\">Shimon Lev, Objekte der Erinnerung, Eintrag meines Vaters, Archiv der Israelitschen Kultusgemeinde Wien, 2012 <\/span> <\/span> <\/span><\/h6>\n<p>&nbsp;<\/p>\n<p><a class=\"internal-link\" href=\"https:\/\/www.akbild.ac.at\/Portal\/ausstellen\/xhibit\/ausstellungen\/2013\/resolveuid\/9853aa8a1cd0994727ba58d7a1e6ff46\">Programm im Rahmen der Ausstellung:<br \/>\n<b>LABORATORIUM \u00d6STERREICH: Forschung &amp; Entwicklung<\/b><br \/>\nab 06.04.2013 im xhibit<\/a><\/p>\n<\/div>\n<p>&nbsp;<\/p>","protected":false},"excerpt":{"rendered":"<p>Laboratorium \u00d6sterreich Er\u00f6ffnung | 21.03.2013, 19.00 h Ausstellungsdauer | 22.03.2013 &#8211; 28.04.2013 Ort | Akademie der bildenden K\u00fcnste Wien, Hauptgeb\u00e4ude, Schillerplatz 3, 1010 Wien, xhibit \u00d6ffnungszeiten | Di\u2013So, 10.00\u201318.00 h, Eintritt frei Sonder\u00f6ffnungszeiten: ge\u00f6ffnet am 01.04.2013 (Ostermontag, 10.00-18.00 h) Eine Ausstellung des Forschungsprojektes MEMSCREEN (gef\u00f6rdert vom FWF im Rahmen von PEEK 2010-2012) Kurator_innen | Tal Adler, Friedemann Derschmidt, Karin Schneider Teilnehmer_innen | Tal Adler, Michal Bar-Or, Friedemann Derschmidt, Shimon Lev, Karin Schneider &nbsp; Foto aus dem privaten Album (1900er- bis\u2026 <a class=\"continue-reading-link\" href=\"https:\/\/www.twofamilyarchives.com\/de\/blog\/2013\/03\/exhibition-kulturzentrum-bei-den-minoriten-graz-2015-copy\/\">Continue reading<\/a><\/p>\n","protected":false},"author":1,"featured_media":262,"comment_status":"open","ping_status":"open","sticky":false,"template":"","format":"standard","meta":{"jetpack_post_was_ever_published":false,"_jetpack_newsletter_access":"","_jetpack_dont_email_post_to_subs":false,"_jetpack_newsletter_tier_id":0,"_jetpack_memberships_contains_paywalled_content":false,"_jetpack_memberships_contains_paid_content":false,"footnotes":"","jetpack_publicize_message":"","jetpack_publicize_feature_enabled":true,"jetpack_social_post_already_shared":false,"jetpack_social_options":{"image_generator_settings":{"template":"highway","enabled":false},"version":2}},"categories":[9,27,10],"tags":[],"class_list":["post-260","post","type-post","status-publish","format-standard","has-post-thumbnail","hentry","category-exhibition","category-friedemann-derschmidt","category-objectsofmemory"],"jetpack_publicize_connections":[],"jetpack_featured_media_url":"https:\/\/www.twofamilyarchives.com\/wp-content\/uploads\/2017\/04\/ReichelHeinrich_Labor-3_final.jpg","jetpack_sharing_enabled":true,"jetpack_shortlink":"https:\/\/wp.me\/p5fLuA-4c","_links":{"self":[{"href":"https:\/\/www.twofamilyarchives.com\/de\/wp-json\/wp\/v2\/posts\/260","targetHints":{"allow":["GET"]}}],"collection":[{"href":"https:\/\/www.twofamilyarchives.com\/de\/wp-json\/wp\/v2\/posts"}],"about":[{"href":"https:\/\/www.twofamilyarchives.com\/de\/wp-json\/wp\/v2\/types\/post"}],"author":[{"embeddable":true,"href":"https:\/\/www.twofamilyarchives.com\/de\/wp-json\/wp\/v2\/users\/1"}],"replies":[{"embeddable":true,"href":"https:\/\/www.twofamilyarchives.com\/de\/wp-json\/wp\/v2\/comments?post=260"}],"version-history":[{"count":3,"href":"https:\/\/www.twofamilyarchives.com\/de\/wp-json\/wp\/v2\/posts\/260\/revisions"}],"predecessor-version":[{"id":266,"href":"https:\/\/www.twofamilyarchives.com\/de\/wp-json\/wp\/v2\/posts\/260\/revisions\/266"}],"wp:featuredmedia":[{"embeddable":true,"href":"https:\/\/www.twofamilyarchives.com\/de\/wp-json\/wp\/v2\/media\/262"}],"wp:attachment":[{"href":"https:\/\/www.twofamilyarchives.com\/de\/wp-json\/wp\/v2\/media?parent=260"}],"wp:term":[{"taxonomy":"category","embeddable":true,"href":"https:\/\/www.twofamilyarchives.com\/de\/wp-json\/wp\/v2\/categories?post=260"},{"taxonomy":"post_tag","embeddable":true,"href":"https:\/\/www.twofamilyarchives.com\/de\/wp-json\/wp\/v2\/tags?post=260"}],"curies":[{"name":"wp","href":"https:\/\/api.w.org\/{rel}","templated":true}]}}